{"id":9436,"date":"2023-06-16T11:51:08","date_gmt":"2023-06-16T09:51:08","guid":{"rendered":"https:\/\/www.tempco.it\/blog\/?p=9436"},"modified":"2023-06-16T11:51:08","modified_gmt":"2023-06-16T09:51:08","slug":"impianti-e-componentistica-speciale-a-co2-per-sostenibilita-nella-refrigerazione","status":"publish","type":"post","link":"https:\/\/www.tempco.it\/blog\/9436\/impianti-e-componentistica-speciale-a-co2-per-sostenibilita-nella-refrigerazione\/","title":{"rendered":"Impianti e componentistica speciale a CO2 per sostenibilit\u00e0 nella refrigerazione"},"content":{"rendered":"<p><strong>Anidride carbonica e <a href=\"https:\/\/www.tempco.it\/blog\/8620\/saldobrasati-ad-alta-temperatura-per-lindustria-dellidrogeno-e-refrigerazione-a-co2\/\">CO2<\/a><\/strong>, se ne parla molto e spesso in relazione al buco nell\u2019ozono e altre ragioni. Ma forse non tutti sanno che la CO2 \u00e8 un eccellente gas che pu\u00f2 <strong>sostituire i classici fluidi impiegati come refrigeranti<\/strong>, i tradizionali <strong>freon<\/strong> che a ragione sono ritenuti causa del buco dell\u2019ozono.<\/p>\n<p>Negli ultimi anni il <strong>settore della refrigerazione<\/strong> ha spinto sempre pi\u00f9 la ricerca verso l\u2019impiego di <strong>gas nuovi alternativi che limitino l\u2019effetto serra<\/strong>. Un esempio \u00e8 anche l\u2019<strong>ammoniaca<\/strong>, che per\u00f2 di contro ha risvolti negativi sul fronte della tossicit\u00e0 e infiammabilit\u00e0. Ultimo nato \u00e8 invece la CO2.<\/p>\n<p>Si stanno infatti sempre pi\u00f9 sviluppando <strong>impianti di condizionamento, refrigerazione e raffreddamento<\/strong> che nel loro ciclo termico impiegano la CO2, l\u2019anidride carbonica. La <strong>CO2 \u00e8 un gas naturale<\/strong> con quindi risvolti decisamente green. Vi sono per\u00f2 naturalmente anche delle implicazioni e difficolt\u00e0, legate al fatto che la CO2 ha dei <strong>passaggi di stato che avvengono a pressioni molto elevate<\/strong>, e parliamo di 100, 120, 130 o <strong>140 bar<\/strong>. Basti pensare che un impianto di refrigerazione che impiega il classico freon lavora in fase di condensazione a pressioni al massimo di 40-45 bar.<\/p>\n<p>Pertanto tutta la <strong>componentistica<\/strong> che viene utilizzata negli impianti di refrigerazione necessita di un <strong>importante upgrade tecnologico<\/strong> per poter lavorare con la CO2. Impianti funzionanti a CO2 esistono gi\u00e0 sul mercato, per cui la componentistica gi\u00e0 esiste, magari non per tutte le taglie e le potenze. Ad esempio per\u00f2 i <strong>compressori per CO2<\/strong> sono gi\u00e0 disponibili sul mercato, in un\u2019ampia gamma anche se magari non proprio a coprire tutte le taglie e potenze.<\/p>\n<p><iframe loading=\"lazy\" title=\"CO2 E REFRIGERAZIONE\" width=\"750\" height=\"422\" src=\"https:\/\/www.youtube.com\/embed\/IwrnYoJHyf8?feature=oembed\" frameborder=\"0\" allow=\"accelerometer; autoplay; clipboard-write; encrypted-media; gyroscope; picture-in-picture; web-share\" allowfullscreen><\/iframe><\/p>\n<p>Sorgono difficolt\u00e0 invece a livello di <a href=\"https:\/\/www.tempco.it\/blog\/9421\/peculiarita-costruttive-degli-scambiatori-saldobrasati-per-refrigerazione-a-co2\/\"><strong>raccorderia e tubazioni<\/strong><\/a>, in quanto occorre studiare raccordi e tubazioni in grado di resistere a queste pressioni. Di contro, lavorando a pressioni tanto elevate si hanno <strong>alti volumi specifici<\/strong>, consentendo di <strong>ridurre i diametri delle tubazioni<\/strong>.<\/p>\n<p>Sul fronte dello <strong>scambio termico<\/strong> \u00e8 quindi anche necessario studiare <a href=\"https:\/\/www.tempco.it\/soluzioni\/scambiatori-di-calore\/\" target=\"_blank\" rel=\"noopener\"><strong>scambiatori di calore<\/strong><\/a>, in funzione di <strong>condensatori ed evaporatori<\/strong>, che siano appositamente pensati per lavorare con queste pressioni elevate nelle applicazioni a CO2. Scambiatori che possono essere dei <a href=\"https:\/\/www.tempco.it\/soluzioni\/scambiatori-di-calore\/saldobrasati\/\" target=\"_blank\" rel=\"noopener\"><strong>saldobrasati<\/strong><\/a> come evaporatori o condensatori, oppure <strong>batterie di scambio termico<\/strong> quando abbiamo scambiatori ad aria. Ad ogni modo, si tratta di <strong>apparecchiature studiate ad hoc per poter lavorare con la CO2 ad alta pressione<\/strong>. Una gamma ampia \u00e8 gi\u00e0 disponibile fino a potenze interessanti, ma quella in cui attualmente ci troviamo \u00e8 sicuramente ancora una fase di forte studio e sviluppo.<\/p>\n<p>Per restare informato ogni mese sulle ultime <strong>applicazioni di gestione dell&#8217;energia termica<\/strong>, iscriviti alla <a href=\"https:\/\/www.tempco.it\/newsletter-solid-temperature\/\" target=\"_blank\" rel=\"noopener\">Newsletter &#8211; Solid Temperature di Tempco<\/a>.<\/p>\n","protected":false},"excerpt":{"rendered":"<p>Refrigerazione a CO2, risorsa rinnovabile alternativa ai classici freon che porta la sostenibilit\u00e0 nel settore del freddo, le applicazioni richiedono componenti, raccorderia e scambiatori di calore resistenti a pressioni elevate.<\/p>\n","protected":false},"author":5,"featured_media":0,"comment_status":"open","ping_status":"open","sticky":false,"template":"","format":"standard","meta":[],"categories":[16,57,3,4,12,111,49,9],"tags":[573,3764,3619,1078,150,168,3766,3767,1351,3137,2778,3765,118,3017,166,211,943,492,204,116,122,3521,291,3694,440],"yoast_head":"<!-- This site is optimized with the Yoast SEO plugin v20.5 - https:\/\/yoast.com\/wordpress\/plugins\/seo\/ -->\n<title>Impianti e componentistica speciale a CO2 per sostenibilit\u00e0 nella refrigerazione - Tempco Blog<\/title>\n<meta name=\"description\" content=\"Refrigerazione a CO2, risorsa rinnovabile alternativa ai classici freon che porta la sostenibilit\u00e0 nel settore del freddo.\" \/>\n<meta name=\"robots\" content=\"index, follow, max-snippet:-1, max-image-preview:large, max-video-preview:-1\" \/>\n<link rel=\"canonical\" href=\"https:\/\/www.tempco.it\/blog\/9436\/impianti-e-componentistica-speciale-a-co2-per-sostenibilita-nella-refrigerazione\/\" \/>\n<meta property=\"og:locale\" content=\"it_IT\" \/>\n<meta property=\"og:type\" content=\"article\" \/>\n<meta property=\"og:title\" content=\"Impianti e componentistica speciale a CO2 per sostenibilit\u00e0 nella refrigerazione - Tempco Blog\" \/>\n<meta property=\"og:description\" content=\"Refrigerazione a CO2, risorsa rinnovabile alternativa ai classici freon che porta la sostenibilit\u00e0 nel settore del freddo.\" \/>\n<meta property=\"og:url\" content=\"https:\/\/www.tempco.it\/blog\/9436\/impianti-e-componentistica-speciale-a-co2-per-sostenibilita-nella-refrigerazione\/\" \/>\n<meta property=\"og:site_name\" content=\"Tempco Blog\" \/>\n<meta property=\"article:publisher\" content=\"https:\/\/www.facebook.com\/tempco.srl\" \/>\n<meta property=\"article:published_time\" content=\"2023-06-16T09:51:08+00:00\" \/>\n<meta property=\"og:image\" content=\"https:\/\/www.tempco.it\/blog\/wp-content\/uploads\/2022\/12\/logo_big.jpg\" \/>\n\t<meta property=\"og:image:width\" content=\"317\" \/>\n\t<meta property=\"og:image:height\" content=\"317\" \/>\n\t<meta property=\"og:image:type\" content=\"image\/jpeg\" \/>\n<meta name=\"author\" content=\"Marco Zambelli\" \/>\n<meta name=\"twitter:card\" content=\"summary_large_image\" \/>\n<meta name=\"twitter:creator\" content=\"@Tempco_it\" \/>\n<meta name=\"twitter:site\" content=\"@Tempco_it\" \/>\n<meta name=\"twitter:label1\" content=\"Scritto da\" \/>\n\t<meta name=\"twitter:data1\" content=\"Marco Zambelli\" \/>\n\t<meta name=\"twitter:label2\" content=\"Tempo di lettura stimato\" \/>\n\t<meta name=\"twitter:data2\" content=\"3 minuti\" \/>\n<script type=\"application\/ld+json\" class=\"yoast-schema-graph\">{\"@context\":\"https:\/\/schema.org\",\"@graph\":[{\"@type\":\"Article\",\"@id\":\"https:\/\/www.tempco.it\/blog\/9436\/impianti-e-componentistica-speciale-a-co2-per-sostenibilita-nella-refrigerazione\/#article\",\"isPartOf\":{\"@id\":\"https:\/\/www.tempco.it\/blog\/9436\/impianti-e-componentistica-speciale-a-co2-per-sostenibilita-nella-refrigerazione\/\"},\"author\":{\"name\":\"Marco Zambelli\",\"@id\":\"https:\/\/www.tempco.it\/blog\/#\/schema\/person\/7b9316f2ae038cf675b9efcabca742f4\"},\"headline\":\"Impianti e componentistica speciale a CO2 per sostenibilit\u00e0 nella refrigerazione\",\"datePublished\":\"2023-06-16T09:51:08+00:00\",\"dateModified\":\"2023-06-16T09:51:08+00:00\",\"mainEntityOfPage\":{\"@id\":\"https:\/\/www.tempco.it\/blog\/9436\/impianti-e-componentistica-speciale-a-co2-per-sostenibilita-nella-refrigerazione\/\"},\"wordCount\":434,\"commentCount\":0,\"publisher\":{\"@id\":\"https:\/\/www.tempco.it\/blog\/#organization\"},\"keywords\":[\"alta pressione\",\"anidride carbonica\",\"chiller\",\"CO2\",\"compressori\",\"condizionamento\",\"effetto serra\",\"freon\",\"green\",\"impiantistica\",\"ingegneria\",\"raccorderia\",\"raffreddamento\",\"refrigeranti\",\"refrigerazione\",\"Ricerca\",\"rinnovabili\",\"saldobrasati\",\"scambiatori\",\"scambiatori di calore\",\"scambio termico\",\"solid temperature\",\"sostenibilit\u00e0\",\"sviluppo\",\"tubazioni\"],\"articleSection\":[\"Chiller\",\"Condensatori\",\"Energia Termica\",\"Raffreddamento\",\"Refrigeratori\",\"saldobrasati\",\"Scambiatori a piastre\",\"Scambiatori di calore\"],\"inLanguage\":\"it-IT\"},{\"@type\":\"WebPage\",\"@id\":\"https:\/\/www.tempco.it\/blog\/9436\/impianti-e-componentistica-speciale-a-co2-per-sostenibilita-nella-refrigerazione\/\",\"url\":\"https:\/\/www.tempco.it\/blog\/9436\/impianti-e-componentistica-speciale-a-co2-per-sostenibilita-nella-refrigerazione\/\",\"name\":\"Impianti e componentistica speciale a CO2 per sostenibilit\u00e0 nella refrigerazione - Tempco Blog\",\"isPartOf\":{\"@id\":\"https:\/\/www.tempco.it\/blog\/#website\"},\"datePublished\":\"2023-06-16T09:51:08+00:00\",\"dateModified\":\"2023-06-16T09:51:08+00:00\",\"description\":\"Refrigerazione a CO2, risorsa rinnovabile alternativa ai classici freon che porta la sostenibilit\u00e0 nel settore del freddo.\",\"breadcrumb\":{\"@id\":\"https:\/\/www.tempco.it\/blog\/9436\/impianti-e-componentistica-speciale-a-co2-per-sostenibilita-nella-refrigerazione\/#breadcrumb\"},\"inLanguage\":\"it-IT\",\"potentialAction\":[{\"@type\":\"ReadAction\",\"target\":[\"https:\/\/www.tempco.it\/blog\/9436\/impianti-e-componentistica-speciale-a-co2-per-sostenibilita-nella-refrigerazione\/\"]}]},{\"@type\":\"BreadcrumbList\",\"@id\":\"https:\/\/www.tempco.it\/blog\/9436\/impianti-e-componentistica-speciale-a-co2-per-sostenibilita-nella-refrigerazione\/#breadcrumb\",\"itemListElement\":[{\"@type\":\"ListItem\",\"position\":1,\"name\":\"Home\",\"item\":\"https:\/\/www.tempco.it\/blog\/\"},{\"@type\":\"ListItem\",\"position\":2,\"name\":\"Impianti e componentistica speciale a CO2 per sostenibilit\u00e0 nella refrigerazione\"}]},{\"@type\":\"WebSite\",\"@id\":\"https:\/\/www.tempco.it\/blog\/#website\",\"url\":\"https:\/\/www.tempco.it\/blog\/\",\"name\":\"Tempco Blog\",\"description\":\"Soluzioni per l&#039;energia termica\",\"publisher\":{\"@id\":\"https:\/\/www.tempco.it\/blog\/#organization\"},\"potentialAction\":[{\"@type\":\"SearchAction\",\"target\":{\"@type\":\"EntryPoint\",\"urlTemplate\":\"https:\/\/www.tempco.it\/blog\/?s={search_term_string}\"},\"query-input\":\"required name=search_term_string\"}],\"inLanguage\":\"it-IT\"},{\"@type\":\"Organization\",\"@id\":\"https:\/\/www.tempco.it\/blog\/#organization\",\"name\":\"Tempco Srl\",\"url\":\"https:\/\/www.tempco.it\/blog\/\",\"logo\":{\"@type\":\"ImageObject\",\"inLanguage\":\"it-IT\",\"@id\":\"https:\/\/www.tempco.it\/blog\/#\/schema\/logo\/image\/\",\"url\":\"https:\/\/www.tempco.it\/blog\/wp-content\/uploads\/2022\/12\/logo_big.jpg\",\"contentUrl\":\"https:\/\/www.tempco.it\/blog\/wp-content\/uploads\/2022\/12\/logo_big.jpg\",\"width\":317,\"height\":317,\"caption\":\"Tempco Srl\"},\"image\":{\"@id\":\"https:\/\/www.tempco.it\/blog\/#\/schema\/logo\/image\/\"},\"sameAs\":[\"https:\/\/www.facebook.com\/tempco.srl\",\"https:\/\/twitter.com\/Tempco_it\",\"https:\/\/www.youtube.com\/c\/TempcoItalia\",\"https:\/\/www.linkedin.com\/company\/tempcoitaly\/about\/\",\"https:\/\/www.instagram.com\/tempco_solidtemperature\/\"]},{\"@type\":\"Person\",\"@id\":\"https:\/\/www.tempco.it\/blog\/#\/schema\/person\/7b9316f2ae038cf675b9efcabca742f4\",\"name\":\"Marco Zambelli\"}]}<\/script>\n<!-- \/ Yoast SEO plugin. -->","yoast_head_json":{"title":"Impianti e componentistica speciale a CO2 per sostenibilit\u00e0 nella refrigerazione - Tempco Blog","description":"Refrigerazione a CO2, risorsa rinnovabile alternativa ai classici freon che porta la sostenibilit\u00e0 nel settore del freddo.","robots":{"index":"index","follow":"follow","max-snippet":"max-snippet:-1","max-image-preview":"max-image-preview:large","max-video-preview":"max-video-preview:-1"},"canonical":"https:\/\/www.tempco.it\/blog\/9436\/impianti-e-componentistica-speciale-a-co2-per-sostenibilita-nella-refrigerazione\/","og_locale":"it_IT","og_type":"article","og_title":"Impianti e componentistica speciale a CO2 per sostenibilit\u00e0 nella refrigerazione - Tempco Blog","og_description":"Refrigerazione a CO2, risorsa rinnovabile alternativa ai classici freon che porta la sostenibilit\u00e0 nel settore del freddo.","og_url":"https:\/\/www.tempco.it\/blog\/9436\/impianti-e-componentistica-speciale-a-co2-per-sostenibilita-nella-refrigerazione\/","og_site_name":"Tempco Blog","article_publisher":"https:\/\/www.facebook.com\/tempco.srl","article_published_time":"2023-06-16T09:51:08+00:00","og_image":[{"width":317,"height":317,"url":"https:\/\/www.tempco.it\/blog\/wp-content\/uploads\/2022\/12\/logo_big.jpg","type":"image\/jpeg"}],"author":"Marco Zambelli","twitter_card":"summary_large_image","twitter_creator":"@Tempco_it","twitter_site":"@Tempco_it","twitter_misc":{"Scritto da":"Marco Zambelli","Tempo di lettura stimato":"3 minuti"},"schema":{"@context":"https:\/\/schema.org","@graph":[{"@type":"Article","@id":"https:\/\/www.tempco.it\/blog\/9436\/impianti-e-componentistica-speciale-a-co2-per-sostenibilita-nella-refrigerazione\/#article","isPartOf":{"@id":"https:\/\/www.tempco.it\/blog\/9436\/impianti-e-componentistica-speciale-a-co2-per-sostenibilita-nella-refrigerazione\/"},"author":{"name":"Marco Zambelli","@id":"https:\/\/www.tempco.it\/blog\/#\/schema\/person\/7b9316f2ae038cf675b9efcabca742f4"},"headline":"Impianti e componentistica speciale a CO2 per sostenibilit\u00e0 nella refrigerazione","datePublished":"2023-06-16T09:51:08+00:00","dateModified":"2023-06-16T09:51:08+00:00","mainEntityOfPage":{"@id":"https:\/\/www.tempco.it\/blog\/9436\/impianti-e-componentistica-speciale-a-co2-per-sostenibilita-nella-refrigerazione\/"},"wordCount":434,"commentCount":0,"publisher":{"@id":"https:\/\/www.tempco.it\/blog\/#organization"},"keywords":["alta pressione","anidride carbonica","chiller","CO2","compressori","condizionamento","effetto serra","freon","green","impiantistica","ingegneria","raccorderia","raffreddamento","refrigeranti","refrigerazione","Ricerca","rinnovabili","saldobrasati","scambiatori","scambiatori di calore","scambio termico","solid temperature","sostenibilit\u00e0","sviluppo","tubazioni"],"articleSection":["Chiller","Condensatori","Energia Termica","Raffreddamento","Refrigeratori","saldobrasati","Scambiatori a piastre","Scambiatori di calore"],"inLanguage":"it-IT"},{"@type":"WebPage","@id":"https:\/\/www.tempco.it\/blog\/9436\/impianti-e-componentistica-speciale-a-co2-per-sostenibilita-nella-refrigerazione\/","url":"https:\/\/www.tempco.it\/blog\/9436\/impianti-e-componentistica-speciale-a-co2-per-sostenibilita-nella-refrigerazione\/","name":"Impianti e componentistica speciale a CO2 per sostenibilit\u00e0 nella refrigerazione - Tempco Blog","isPartOf":{"@id":"https:\/\/www.tempco.it\/blog\/#website"},"datePublished":"2023-06-16T09:51:08+00:00","dateModified":"2023-06-16T09:51:08+00:00","description":"Refrigerazione a CO2, risorsa rinnovabile alternativa ai classici freon che porta la sostenibilit\u00e0 nel settore del freddo.","breadcrumb":{"@id":"https:\/\/www.tempco.it\/blog\/9436\/impianti-e-componentistica-speciale-a-co2-per-sostenibilita-nella-refrigerazione\/#breadcrumb"},"inLanguage":"it-IT","potentialAction":[{"@type":"ReadAction","target":["https:\/\/www.tempco.it\/blog\/9436\/impianti-e-componentistica-speciale-a-co2-per-sostenibilita-nella-refrigerazione\/"]}]},{"@type":"BreadcrumbList","@id":"https:\/\/www.tempco.it\/blog\/9436\/impianti-e-componentistica-speciale-a-co2-per-sostenibilita-nella-refrigerazione\/#breadcrumb","itemListElement":[{"@type":"ListItem","position":1,"name":"Home","item":"https:\/\/www.tempco.it\/blog\/"},{"@type":"ListItem","position":2,"name":"Impianti e componentistica speciale a CO2 per sostenibilit\u00e0 nella refrigerazione"}]},{"@type":"WebSite","@id":"https:\/\/www.tempco.it\/blog\/#website","url":"https:\/\/www.tempco.it\/blog\/","name":"Tempco Blog","description":"Soluzioni per l&#039;energia termica","publisher":{"@id":"https:\/\/www.tempco.it\/blog\/#organization"},"potentialAction":[{"@type":"SearchAction","target":{"@type":"EntryPoint","urlTemplate":"https:\/\/www.tempco.it\/blog\/?s={search_term_string}"},"query-input":"required name=search_term_string"}],"inLanguage":"it-IT"},{"@type":"Organization","@id":"https:\/\/www.tempco.it\/blog\/#organization","name":"Tempco Srl","url":"https:\/\/www.tempco.it\/blog\/","logo":{"@type":"ImageObject","inLanguage":"it-IT","@id":"https:\/\/www.tempco.it\/blog\/#\/schema\/logo\/image\/","url":"https:\/\/www.tempco.it\/blog\/wp-content\/uploads\/2022\/12\/logo_big.jpg","contentUrl":"https:\/\/www.tempco.it\/blog\/wp-content\/uploads\/2022\/12\/logo_big.jpg","width":317,"height":317,"caption":"Tempco Srl"},"image":{"@id":"https:\/\/www.tempco.it\/blog\/#\/schema\/logo\/image\/"},"sameAs":["https:\/\/www.facebook.com\/tempco.srl","https:\/\/twitter.com\/Tempco_it","https:\/\/www.youtube.com\/c\/TempcoItalia","https:\/\/www.linkedin.com\/company\/tempcoitaly\/about\/","https:\/\/www.instagram.com\/tempco_solidtemperature\/"]},{"@type":"Person","@id":"https:\/\/www.tempco.it\/blog\/#\/schema\/person\/7b9316f2ae038cf675b9efcabca742f4","name":"Marco Zambelli"}]}},"_links":{"self":[{"href":"https:\/\/www.tempco.it\/blog\/wp-json\/wp\/v2\/posts\/9436"}],"collection":[{"href":"https:\/\/www.tempco.it\/blog\/wp-json\/wp\/v2\/posts"}],"about":[{"href":"https:\/\/www.tempco.it\/blog\/wp-json\/wp\/v2\/types\/post"}],"author":[{"embeddable":true,"href":"https:\/\/www.tempco.it\/blog\/wp-json\/wp\/v2\/users\/5"}],"replies":[{"embeddable":true,"href":"https:\/\/www.tempco.it\/blog\/wp-json\/wp\/v2\/comments?post=9436"}],"version-history":[{"count":2,"href":"https:\/\/www.tempco.it\/blog\/wp-json\/wp\/v2\/posts\/9436\/revisions"}],"predecessor-version":[{"id":9439,"href":"https:\/\/www.tempco.it\/blog\/wp-json\/wp\/v2\/posts\/9436\/revisions\/9439"}],"wp:attachment":[{"href":"https:\/\/www.tempco.it\/blog\/wp-json\/wp\/v2\/media?parent=9436"}],"wp:term":[{"taxonomy":"category","embeddable":true,"href":"https:\/\/www.tempco.it\/blog\/wp-json\/wp\/v2\/categories?post=9436"},{"taxonomy":"post_tag","embeddable":true,"href":"https:\/\/www.tempco.it\/blog\/wp-json\/wp\/v2\/tags?post=9436"}],"curies":[{"name":"wp","href":"https:\/\/api.w.org\/{rel}","templated":true}]}}