{"id":356,"date":"2008-06-05T11:16:38","date_gmt":"2008-06-05T09:16:38","guid":{"rendered":"https:\/\/www.tempco.it\/blog\/356\/le-torri-evaporative-e-la-cogenerazione\/"},"modified":"2008-06-05T11:16:38","modified_gmt":"2008-06-05T09:16:38","slug":"le-torri-evaporative-e-la-cogenerazione","status":"publish","type":"post","link":"https:\/\/www.tempco.it\/blog\/356\/le-torri-evaporative-e-la-cogenerazione\/","title":{"rendered":"Le torri evaporative e la cogenerazione"},"content":{"rendered":"<p>Negli <strong>impianti di cogenerazione<\/strong> vengono utilizzate le <a href=\"http:\/\/www.tempco.it\/prodotti.asp?ID=23\">torri evaporative<\/a> normalmente per il raffreddamento dei condensatori ad acqua. Si tratta di impianti di notevoli dimensioni, con elevate portate di acqua.<\/p>\n<p>Le torri evaporative consumano acqua per il loro intrinseco principio di lavoro, legato al calore latente di evaporazione. Quando i siti di installazione sorgono in localit\u00e0 dove \u00e8 carente la disponibilit\u00e0 di acqua di reintegro, si passa a soluzioni con condensatori ad aria.<\/p>\n<p>Questi ultimi, se da un lato azzerano il consumo di acqua, in contropartita obbligano a ragionare con gradi di vuoto pi\u00f9 bassi al condensatore, in virt\u00f9 di una minore efficienza termica, infatti il livello di temperature di un condensatore ad aria, \u00e8 legato indissolubilmente alla temperatura ambiente, viceversa in una torre evaporativa, il valore di riferimento \u00e8 quello della <a href=\"http:\/\/www.tempco.it\/prodotti.asp?ID=38\">temperatura del bulbo umido<\/a>.<\/p>\n<p align=\"center\"><img decoding=\"async\" src=\"https:\/\/www.tempco.it\/blog\/wp-content\/uploads\/2008\/06\/istock_000001916141medium.thumbnail.jpg\" alt=\"air condenser condensatori ad aria per impianto di cogenerazione\" \/> <a href=\"https:\/\/www.tempco.it\/blog\/wp-content\/uploads\/2008\/06\/geo_thermal4.jpg\" title=\"torri evaporative iperboliche a tiraggio naturale\"><img decoding=\"async\" src=\"https:\/\/www.tempco.it\/blog\/wp-content\/uploads\/2008\/06\/geo_thermal4.thumbnail.jpg\" alt=\"torri evaporative iperboliche a tiraggio naturale\" \/><\/a><\/p>\n<p><!--more--><\/p>\n<p>Un altro fattore che gioca a favore delle torri evaporative, \u00e8 legato agli spazi di installazione, decisamente inferiori a quelli di condensatori ad aria, con consumi energetici  a livello di ventilazione pi\u00f9 contenuti.<\/p>\n<p>Di contro le torri hanno dei punti a sfavore, che sono legati ai circuiti aperti e che implicano un pi\u00f9 consistente ed impegnativo trattamento delle acque, che essendo a contatto diretto con l&#8217;aria, risentono di maggiori inquinamenti e fenomeni di formazione di alghe e simili.<\/p>\n","protected":false},"excerpt":{"rendered":"<p>Negli impianti di cogenerazione vengono utilizzate le torri evaporative normalmente per il raffreddamento dei condensatori ad acqua. Si tratta di [&hellip;]<\/p>\n","protected":false},"author":3,"featured_media":0,"comment_status":"open","ping_status":"open","sticky":false,"template":"","format":"standard","meta":[],"categories":[11,3,4,10,7],"tags":[],"yoast_head":"<!-- This site is optimized with the Yoast SEO plugin v20.5 - https:\/\/yoast.com\/wordpress\/plugins\/seo\/ -->\n<title>Le torri evaporative e la cogenerazione - Tempco Blog<\/title>\n<meta name=\"robots\" content=\"index, follow, max-snippet:-1, max-image-preview:large, max-video-preview:-1\" \/>\n<link rel=\"canonical\" href=\"https:\/\/www.tempco.it\/blog\/356\/le-torri-evaporative-e-la-cogenerazione\/\" \/>\n<meta property=\"og:locale\" content=\"it_IT\" \/>\n<meta property=\"og:type\" content=\"article\" \/>\n<meta property=\"og:title\" content=\"Le torri evaporative e la cogenerazione - Tempco Blog\" \/>\n<meta property=\"og:description\" content=\"Negli impianti di cogenerazione vengono utilizzate le torri evaporative normalmente per il raffreddamento dei condensatori ad acqua. Si tratta di [&hellip;]\" \/>\n<meta property=\"og:url\" content=\"https:\/\/www.tempco.it\/blog\/356\/le-torri-evaporative-e-la-cogenerazione\/\" \/>\n<meta property=\"og:site_name\" content=\"Tempco Blog\" \/>\n<meta property=\"article:publisher\" content=\"https:\/\/www.facebook.com\/tempco.srl\" \/>\n<meta property=\"article:published_time\" content=\"2008-06-05T09:16:38+00:00\" \/>\n<meta property=\"og:image\" content=\"https:\/\/www.tempco.it\/blog\/wp-content\/uploads\/2008\/06\/istock_000001916141medium.thumbnail.jpg\" \/>\n<meta name=\"author\" content=\"Valter Biolchi\" \/>\n<meta name=\"twitter:card\" content=\"summary_large_image\" \/>\n<meta name=\"twitter:creator\" content=\"@Tempco_it\" \/>\n<meta name=\"twitter:site\" content=\"@Tempco_it\" \/>\n<meta name=\"twitter:label1\" content=\"Scritto da\" \/>\n\t<meta name=\"twitter:data1\" content=\"Valter Biolchi\" \/>\n\t<meta name=\"twitter:label2\" content=\"Tempo di lettura stimato\" \/>\n\t<meta name=\"twitter:data2\" content=\"1 minuto\" \/>\n<script type=\"application\/ld+json\" class=\"yoast-schema-graph\">{\"@context\":\"https:\/\/schema.org\",\"@graph\":[{\"@type\":\"Article\",\"@id\":\"https:\/\/www.tempco.it\/blog\/356\/le-torri-evaporative-e-la-cogenerazione\/#article\",\"isPartOf\":{\"@id\":\"https:\/\/www.tempco.it\/blog\/356\/le-torri-evaporative-e-la-cogenerazione\/\"},\"author\":{\"name\":\"Valter Biolchi\",\"@id\":\"https:\/\/www.tempco.it\/blog\/#\/schema\/person\/4f3ef872222fd5187b9ae2d83dc5afa6\"},\"headline\":\"Le torri evaporative e la cogenerazione\",\"datePublished\":\"2008-06-05T09:16:38+00:00\",\"dateModified\":\"2008-06-05T09:16:38+00:00\",\"mainEntityOfPage\":{\"@id\":\"https:\/\/www.tempco.it\/blog\/356\/le-torri-evaporative-e-la-cogenerazione\/\"},\"wordCount\":215,\"commentCount\":0,\"publisher\":{\"@id\":\"https:\/\/www.tempco.it\/blog\/#organization\"},\"articleSection\":[\"Cogenerazione\",\"Energia Termica\",\"Raffreddamento\",\"Risparmio energetico\",\"Torri Evaporative\"],\"inLanguage\":\"it-IT\"},{\"@type\":\"WebPage\",\"@id\":\"https:\/\/www.tempco.it\/blog\/356\/le-torri-evaporative-e-la-cogenerazione\/\",\"url\":\"https:\/\/www.tempco.it\/blog\/356\/le-torri-evaporative-e-la-cogenerazione\/\",\"name\":\"Le torri evaporative e la cogenerazione - Tempco Blog\",\"isPartOf\":{\"@id\":\"https:\/\/www.tempco.it\/blog\/#website\"},\"datePublished\":\"2008-06-05T09:16:38+00:00\",\"dateModified\":\"2008-06-05T09:16:38+00:00\",\"breadcrumb\":{\"@id\":\"https:\/\/www.tempco.it\/blog\/356\/le-torri-evaporative-e-la-cogenerazione\/#breadcrumb\"},\"inLanguage\":\"it-IT\",\"potentialAction\":[{\"@type\":\"ReadAction\",\"target\":[\"https:\/\/www.tempco.it\/blog\/356\/le-torri-evaporative-e-la-cogenerazione\/\"]}]},{\"@type\":\"BreadcrumbList\",\"@id\":\"https:\/\/www.tempco.it\/blog\/356\/le-torri-evaporative-e-la-cogenerazione\/#breadcrumb\",\"itemListElement\":[{\"@type\":\"ListItem\",\"position\":1,\"name\":\"Home\",\"item\":\"https:\/\/www.tempco.it\/blog\/\"},{\"@type\":\"ListItem\",\"position\":2,\"name\":\"Le torri evaporative e la cogenerazione\"}]},{\"@type\":\"WebSite\",\"@id\":\"https:\/\/www.tempco.it\/blog\/#website\",\"url\":\"https:\/\/www.tempco.it\/blog\/\",\"name\":\"Tempco Blog\",\"description\":\"Soluzioni per l&#039;energia termica\",\"publisher\":{\"@id\":\"https:\/\/www.tempco.it\/blog\/#organization\"},\"potentialAction\":[{\"@type\":\"SearchAction\",\"target\":{\"@type\":\"EntryPoint\",\"urlTemplate\":\"https:\/\/www.tempco.it\/blog\/?s={search_term_string}\"},\"query-input\":\"required name=search_term_string\"}],\"inLanguage\":\"it-IT\"},{\"@type\":\"Organization\",\"@id\":\"https:\/\/www.tempco.it\/blog\/#organization\",\"name\":\"Tempco Srl\",\"url\":\"https:\/\/www.tempco.it\/blog\/\",\"logo\":{\"@type\":\"ImageObject\",\"inLanguage\":\"it-IT\",\"@id\":\"https:\/\/www.tempco.it\/blog\/#\/schema\/logo\/image\/\",\"url\":\"https:\/\/www.tempco.it\/blog\/wp-content\/uploads\/2022\/12\/logo_big.jpg\",\"contentUrl\":\"https:\/\/www.tempco.it\/blog\/wp-content\/uploads\/2022\/12\/logo_big.jpg\",\"width\":317,\"height\":317,\"caption\":\"Tempco Srl\"},\"image\":{\"@id\":\"https:\/\/www.tempco.it\/blog\/#\/schema\/logo\/image\/\"},\"sameAs\":[\"https:\/\/www.facebook.com\/tempco.srl\",\"https:\/\/twitter.com\/Tempco_it\",\"https:\/\/www.youtube.com\/c\/TempcoItalia\",\"https:\/\/www.linkedin.com\/company\/tempcoitaly\/about\/\",\"https:\/\/www.instagram.com\/tempco_solidtemperature\/\"]},{\"@type\":\"Person\",\"@id\":\"https:\/\/www.tempco.it\/blog\/#\/schema\/person\/4f3ef872222fd5187b9ae2d83dc5afa6\",\"name\":\"Valter Biolchi\",\"sameAs\":[\"http:\/\/www.tempco.it\"]}]}<\/script>\n<!-- \/ Yoast SEO plugin. -->","yoast_head_json":{"title":"Le torri evaporative e la cogenerazione - Tempco Blog","robots":{"index":"index","follow":"follow","max-snippet":"max-snippet:-1","max-image-preview":"max-image-preview:large","max-video-preview":"max-video-preview:-1"},"canonical":"https:\/\/www.tempco.it\/blog\/356\/le-torri-evaporative-e-la-cogenerazione\/","og_locale":"it_IT","og_type":"article","og_title":"Le torri evaporative e la cogenerazione - Tempco Blog","og_description":"Negli impianti di cogenerazione vengono utilizzate le torri evaporative normalmente per il raffreddamento dei condensatori ad acqua. Si tratta di [&hellip;]","og_url":"https:\/\/www.tempco.it\/blog\/356\/le-torri-evaporative-e-la-cogenerazione\/","og_site_name":"Tempco Blog","article_publisher":"https:\/\/www.facebook.com\/tempco.srl","article_published_time":"2008-06-05T09:16:38+00:00","og_image":[{"url":"https:\/\/www.tempco.it\/blog\/wp-content\/uploads\/2008\/06\/istock_000001916141medium.thumbnail.jpg"}],"author":"Valter Biolchi","twitter_card":"summary_large_image","twitter_creator":"@Tempco_it","twitter_site":"@Tempco_it","twitter_misc":{"Scritto da":"Valter Biolchi","Tempo di lettura stimato":"1 minuto"},"schema":{"@context":"https:\/\/schema.org","@graph":[{"@type":"Article","@id":"https:\/\/www.tempco.it\/blog\/356\/le-torri-evaporative-e-la-cogenerazione\/#article","isPartOf":{"@id":"https:\/\/www.tempco.it\/blog\/356\/le-torri-evaporative-e-la-cogenerazione\/"},"author":{"name":"Valter Biolchi","@id":"https:\/\/www.tempco.it\/blog\/#\/schema\/person\/4f3ef872222fd5187b9ae2d83dc5afa6"},"headline":"Le torri evaporative e la cogenerazione","datePublished":"2008-06-05T09:16:38+00:00","dateModified":"2008-06-05T09:16:38+00:00","mainEntityOfPage":{"@id":"https:\/\/www.tempco.it\/blog\/356\/le-torri-evaporative-e-la-cogenerazione\/"},"wordCount":215,"commentCount":0,"publisher":{"@id":"https:\/\/www.tempco.it\/blog\/#organization"},"articleSection":["Cogenerazione","Energia Termica","Raffreddamento","Risparmio energetico","Torri Evaporative"],"inLanguage":"it-IT"},{"@type":"WebPage","@id":"https:\/\/www.tempco.it\/blog\/356\/le-torri-evaporative-e-la-cogenerazione\/","url":"https:\/\/www.tempco.it\/blog\/356\/le-torri-evaporative-e-la-cogenerazione\/","name":"Le torri evaporative e la cogenerazione - Tempco Blog","isPartOf":{"@id":"https:\/\/www.tempco.it\/blog\/#website"},"datePublished":"2008-06-05T09:16:38+00:00","dateModified":"2008-06-05T09:16:38+00:00","breadcrumb":{"@id":"https:\/\/www.tempco.it\/blog\/356\/le-torri-evaporative-e-la-cogenerazione\/#breadcrumb"},"inLanguage":"it-IT","potentialAction":[{"@type":"ReadAction","target":["https:\/\/www.tempco.it\/blog\/356\/le-torri-evaporative-e-la-cogenerazione\/"]}]},{"@type":"BreadcrumbList","@id":"https:\/\/www.tempco.it\/blog\/356\/le-torri-evaporative-e-la-cogenerazione\/#breadcrumb","itemListElement":[{"@type":"ListItem","position":1,"name":"Home","item":"https:\/\/www.tempco.it\/blog\/"},{"@type":"ListItem","position":2,"name":"Le torri evaporative e la cogenerazione"}]},{"@type":"WebSite","@id":"https:\/\/www.tempco.it\/blog\/#website","url":"https:\/\/www.tempco.it\/blog\/","name":"Tempco Blog","description":"Soluzioni per l&#039;energia termica","publisher":{"@id":"https:\/\/www.tempco.it\/blog\/#organization"},"potentialAction":[{"@type":"SearchAction","target":{"@type":"EntryPoint","urlTemplate":"https:\/\/www.tempco.it\/blog\/?s={search_term_string}"},"query-input":"required name=search_term_string"}],"inLanguage":"it-IT"},{"@type":"Organization","@id":"https:\/\/www.tempco.it\/blog\/#organization","name":"Tempco Srl","url":"https:\/\/www.tempco.it\/blog\/","logo":{"@type":"ImageObject","inLanguage":"it-IT","@id":"https:\/\/www.tempco.it\/blog\/#\/schema\/logo\/image\/","url":"https:\/\/www.tempco.it\/blog\/wp-content\/uploads\/2022\/12\/logo_big.jpg","contentUrl":"https:\/\/www.tempco.it\/blog\/wp-content\/uploads\/2022\/12\/logo_big.jpg","width":317,"height":317,"caption":"Tempco Srl"},"image":{"@id":"https:\/\/www.tempco.it\/blog\/#\/schema\/logo\/image\/"},"sameAs":["https:\/\/www.facebook.com\/tempco.srl","https:\/\/twitter.com\/Tempco_it","https:\/\/www.youtube.com\/c\/TempcoItalia","https:\/\/www.linkedin.com\/company\/tempcoitaly\/about\/","https:\/\/www.instagram.com\/tempco_solidtemperature\/"]},{"@type":"Person","@id":"https:\/\/www.tempco.it\/blog\/#\/schema\/person\/4f3ef872222fd5187b9ae2d83dc5afa6","name":"Valter Biolchi","sameAs":["http:\/\/www.tempco.it"]}]}},"_links":{"self":[{"href":"https:\/\/www.tempco.it\/blog\/wp-json\/wp\/v2\/posts\/356"}],"collection":[{"href":"https:\/\/www.tempco.it\/blog\/wp-json\/wp\/v2\/posts"}],"about":[{"href":"https:\/\/www.tempco.it\/blog\/wp-json\/wp\/v2\/types\/post"}],"author":[{"embeddable":true,"href":"https:\/\/www.tempco.it\/blog\/wp-json\/wp\/v2\/users\/3"}],"replies":[{"embeddable":true,"href":"https:\/\/www.tempco.it\/blog\/wp-json\/wp\/v2\/comments?post=356"}],"version-history":[{"count":0,"href":"https:\/\/www.tempco.it\/blog\/wp-json\/wp\/v2\/posts\/356\/revisions"}],"wp:attachment":[{"href":"https:\/\/www.tempco.it\/blog\/wp-json\/wp\/v2\/media?parent=356"}],"wp:term":[{"taxonomy":"category","embeddable":true,"href":"https:\/\/www.tempco.it\/blog\/wp-json\/wp\/v2\/categories?post=356"},{"taxonomy":"post_tag","embeddable":true,"href":"https:\/\/www.tempco.it\/blog\/wp-json\/wp\/v2\/tags?post=356"}],"curies":[{"name":"wp","href":"https:\/\/api.w.org\/{rel}","templated":true}]}}